{"id":1108,"date":"2019-07-19T23:36:37","date_gmt":"2019-07-20T02:36:37","guid":{"rendered":"https:\/\/ispee-caba.infd.edu.ar\/sitio\/?p=1108"},"modified":"2019-08-05T23:43:54","modified_gmt":"2019-08-06T02:43:54","slug":"taller-de-encuadres-y-practicas-de-investigacion-en-educacion-especial-profesor-ingratta-agustin","status":"publish","type":"post","link":"https:\/\/ispee-caba.infd.edu.ar\/sitio\/taller-de-encuadres-y-practicas-de-investigacion-en-educacion-especial-profesor-ingratta-agustin\/","title":{"rendered":"Taller de encuadres y pr\u00e1cticas de investigaci\u00f3n en educaci\u00f3n especial &#8211; Profesor Ingratta Agust\u00edn"},"content":{"rendered":"<p tabindex=\"-1\" data-thread-perm-id=\"thread-f:1639138100762708232\" data-legacy-thread-id=\"16bf636b09c50908\">Trabajo de investigaci\u00f3n realizado en el <strong>1er cuatrimestre 2019.<\/strong><\/p>\n<p tabindex=\"-1\" data-thread-perm-id=\"thread-f:1639138100762708232\" data-legacy-thread-id=\"16bf636b09c50908\">A continuaci\u00f3n se muestra un video realizado por las alumnas participantes del proyecto.<\/p>\n<p><iframe loading=\"lazy\" width=\"1200\" height=\"675\" src=\"https:\/\/www.youtube.com\/embed\/D44RO6oMVQc?feature=oembed\" frameborder=\"0\" allow=\"accelerometer; autoplay; encrypted-media; gyroscope; picture-in-picture\" allowfullscreen><\/iframe><\/p>\n<p tabindex=\"-1\" data-thread-perm-id=\"thread-f:1639138100762708232\" data-legacy-thread-id=\"16bf636b09c50908\"><span style=\"color: #3366ff;\">Aclaraci\u00f3n importante: la interpretaci\u00f3n en LSA fue realizada por una estudiante de LSA. La misma es con fines meramente educativos<\/span><\/p>\n<p tabindex=\"-1\" data-thread-perm-id=\"thread-f:1639138100762708232\" data-legacy-thread-id=\"16bf636b09c50908\"><!--more--><\/p>\n<p tabindex=\"-1\" data-thread-perm-id=\"thread-f:1639138100762708232\" data-legacy-thread-id=\"16bf636b09c50908\">Nos cuentan las protagonistas: \u00abLes contamos brevemente nuestra investigaci\u00f3n. A partir del an\u00e1lisis de un caso de una escuela de Nivel inicial de gesti\u00f3n privada de CABA \u00a0donde identific\u00f3 un proceso de inclusi\u00f3n, al cual denominamos como masiva, de ni\u00f1os y ni\u00f1as con discapacidad, desarrollamos un trabajo de investigaci\u00f3n de tipo cualitativo con entrevistas en profundidad realizadas a ocho docentes, para trabajar problem\u00e1ticas y tensiones ligadas a la inclusi\u00f3n. En base a los discursos de las educadoras y los datos recopilados seleccionamos las siguientes categor\u00edas como las m\u00e1s recurrentes: Barreras did\u00e1cticas, \u00a0inclusi\u00f3n, recursos humanos y clima institucional.<br \/>\nTeniendo en cuenta \u00a0lo investigado \u00a0y \u00a0el an\u00e1lisis realizado, a dem\u00e1s de las categor\u00edas resultantes, consideramos importante poder destacar qu\u00e9 se esconde detr\u00e1s de lo dicho , aquello que no se puede nombrar y las cosas que se callan. A partir de esto reflexionamos y finalmente llegamos como conclusi\u00f3n sobre la importancia y necesidad del trabajo en conjunto entre ambas modalidades -Com\u00fan y Especial- para una plena inclusi\u00f3n, m\u00e1s all\u00e1 de los ajustes que deber\u00eda realizar la instituci\u00f3n en cuesti\u00f3n.\u00bb<\/p>\n<p tabindex=\"-1\" data-thread-perm-id=\"thread-f:1639138100762708232\" data-legacy-thread-id=\"16bf636b09c50908\"><img decoding=\"async\" loading=\"lazy\" class=\"aligncenter wp-image-1104 size-thumbnail\" src=\"https:\/\/ispee-caba.infd.edu.ar\/sitio\/wp-content\/uploads\/2019\/08\/WhatsApp-Image-2019-07-01-at-19.46.56-500x500.jpeg\" alt=\"Foto de las cuatro alumnas participantes del proyecto\" width=\"500\" height=\"500\" \/><\/p>\n<p class=\"hP\" tabindex=\"-1\" data-thread-perm-id=\"thread-f:1639138100762708232\" data-legacy-thread-id=\"16bf636b09c50908\">Les dejamos, a continuaci\u00f3n, nuestra investigaci\u00f3n completa. Gracias por sus lecturas y opiniones.<\/p>\n<p>Kozlowski, Karina<br \/>\nMoreyra, Agustina<br \/>\nMurgana, Sof\u00eda<br \/>\nRam\u00edrez, Mar\u00eda Sol<\/p>\n<p tabindex=\"-1\" data-thread-perm-id=\"thread-f:1639138100762708232\" data-legacy-thread-id=\"16bf636b09c50908\"><strong>Enlace a archivo PDF &#8211; Investigaci\u00f3n encuadres:<\/strong><\/p>\n<p><a href=\"https:\/\/ispee-caba.infd.edu.ar\/sitio\/wp-content\/uploads\/2019\/08\/PDF-Investigaci\u00f3n-encuadres.pdf\">Investigaci\u00f3n encuadres.pdf<\/a><\/p>\n","protected":false},"excerpt":{"rendered":"<p>Trabajo de investigaci\u00f3n realizado en el 1er cuatrimestre 2019. A continuaci\u00f3n se muestra un video realizado por las alumnas participantes del proyecto. Aclaraci\u00f3n importante: la interpretaci\u00f3n en LSA fue realizada por una estudiante de LSA. La misma es con fines meramente educativos<\/p>\n","protected":false},"author":1681,"featured_media":0,"comment_status":"open","ping_status":"open","sticky":false,"template":"","format":"standard","meta":[],"categories":[30,11],"tags":[32,31],"acf":[],"_links":{"self":[{"href":"https:\/\/ispee-caba.infd.edu.ar\/sitio\/wp-json\/wp\/v2\/posts\/1108"}],"collection":[{"href":"https:\/\/ispee-caba.infd.edu.ar\/sitio\/wp-json\/wp\/v2\/posts"}],"about":[{"href":"https:\/\/ispee-caba.infd.edu.ar\/sitio\/wp-json\/wp\/v2\/types\/post"}],"author":[{"embeddable":true,"href":"https:\/\/ispee-caba.infd.edu.ar\/sitio\/wp-json\/wp\/v2\/users\/1681"}],"replies":[{"embeddable":true,"href":"https:\/\/ispee-caba.infd.edu.ar\/sitio\/wp-json\/wp\/v2\/comments?post=1108"}],"version-history":[{"count":5,"href":"https:\/\/ispee-caba.infd.edu.ar\/sitio\/wp-json\/wp\/v2\/posts\/1108\/revisions"}],"predecessor-version":[{"id":1113,"href":"https:\/\/ispee-caba.infd.edu.ar\/sitio\/wp-json\/wp\/v2\/posts\/1108\/revisions\/1113"}],"wp:attachment":[{"href":"https:\/\/ispee-caba.infd.edu.ar\/sitio\/wp-json\/wp\/v2\/media?parent=1108"}],"wp:term":[{"taxonomy":"category","embeddable":true,"href":"https:\/\/ispee-caba.infd.edu.ar\/sitio\/wp-json\/wp\/v2\/categories?post=1108"},{"taxonomy":"post_tag","embeddable":true,"href":"https:\/\/ispee-caba.infd.edu.ar\/sitio\/wp-json\/wp\/v2\/tags?post=1108"}],"curies":[{"name":"wp","href":"https:\/\/api.w.org\/{rel}","templated":true}]}}