{"id":1134,"date":"2019-09-18T19:24:36","date_gmt":"2019-09-18T22:24:36","guid":{"rendered":"https:\/\/ispee-caba.infd.edu.ar\/sitio\/?p=1134"},"modified":"2019-09-18T20:04:32","modified_gmt":"2019-09-18T23:04:32","slug":"jornada-de-difusion-de-la-diplomatura-en-sordoceguera-y-discapacidad-multiple","status":"publish","type":"post","link":"https:\/\/ispee-caba.infd.edu.ar\/sitio\/jornada-de-difusion-de-la-diplomatura-en-sordoceguera-y-discapacidad-multiple\/","title":{"rendered":"Jornada de difusi\u00f3n de la Diplomatura en Sordoceguera y Discapacidad M\u00faltiple"},"content":{"rendered":"<h4 style=\"font-weight: 400; text-align: center;\"><span style=\"color: #003366;\"><strong>20 DE SEPTIEMBRE DE 2019<\/strong><\/span><\/h4>\n<h4 style=\"font-weight: 400; text-align: center;\"><span style=\"color: #003366;\"><strong>JORNADA LIBRE Y GRATUITA<\/strong><\/span><\/h4>\n<h4 style=\"font-weight: 400; text-align: center;\"><span style=\"color: #003366;\"><strong>Holmberg 2754 de 18 a 21 hs.<\/strong><\/span><\/h4>\n<p><!--more--><\/p>\n<table style=\"font-weight: 400;\" width=\"707\">\n<tbody>\n<tr>\n<td width=\"92\"><span style=\"color: #003366;\"><strong>HORARIOS<\/strong><\/span><\/td>\n<td width=\"615\">\n<p style=\"text-align: center;\"><span style=\"color: #003366;\"><strong>ACTIVIDADES<\/strong><\/span><\/p>\n<\/td>\n<\/tr>\n<tr>\n<td width=\"92\">18:00<\/td>\n<td width=\"615\">Palabras de bienvenida a cargo de las autoridades del ISPEE. Autoridades presentes.<\/td>\n<\/tr>\n<tr>\n<td width=\"92\">18:10<\/td>\n<td width=\"615\"><strong>LA HISTORIA<\/strong>: Panel: Alicia Rosaz (Instituci\u00f3n F\u00e1tima, Buenos Aires), Marta Vogliotti ( ex \u2013 directora de la Modalidad de Educaci\u00f3n Especial de la provincia de Buenos Aires, Maritza Sago ( ex directora del ISPEE)<\/p>\n<p>&nbsp;<\/p>\n<p>Videos de salutaciones Internacionales. (Graciela Ferioli, representante de Sordoceguera Internacional) (Steve Perrault ex responsable del programa Latinoamericano de la Escuela Perkins, USA)<\/td>\n<\/tr>\n<tr>\n<td width=\"92\">18:45<\/td>\n<td width=\"615\"><strong>LA FAMILIA<\/strong>: Un largo camino de vida. Palabras a cargo de Corina Castillo y Gustavo Acevedo. El ejercicio real del derecho a la igualdad y la educaci\u00f3n.<\/td>\n<\/tr>\n<tr>\n<td width=\"92\">19:05<\/td>\n<td width=\"615\"><strong>LAS INSTITUCIONES:<\/strong><\/p>\n<p>&#8211;\u00a0\u00a0\u00a0\u00a0\u00a0\u00a0\u00a0\u00a0\u00a0\u00a0Experiencia en la Escuela de Educaci\u00f3n Especial N\u00b034- CABA<\/p>\n<p>&#8211;\u00a0\u00a0\u00a0\u00a0\u00a0\u00a0\u00a0\u00a0\u00a0\u00a0Experiencia de la Escuela de Educaci\u00f3n Especial N\u00b0504- San Mart\u00edn- Provincia de Buenos Aires<\/td>\n<\/tr>\n<tr>\n<td width=\"92\">19:25<\/td>\n<td width=\"615\"><strong>EN PRIMERA PERSONA<\/strong><\/p>\n<p>Palabras alusivas de Guido Fernandez Cornide (persona con sordoceguera)<\/p>\n<p>&nbsp;<\/td>\n<\/tr>\n<tr>\n<td width=\"92\">19:45<\/td>\n<td width=\"615\"><b>NUESTRO PA\u00cdS\u00a0\u2013 NUESTRA CASA \u2013 RESPUESTAS ACERTIVAS DE LAS POL\u00cdTICAS\u00a0P\u00daBLICAS\u00a0EN\u00a0EDUCACI\u00d3N<\/b><\/p>\n<p>Datos que llevaron a la creaci\u00f3n de la primera Diplomatura Superior en Discapacidad M\u00faltiple y Sordoceguera, del pa\u00eds, con acceso libre y gratuito. A cargo del Equipo de Coordinaci\u00f3n<\/td>\n<\/tr>\n<tr>\n<td width=\"92\">20.20<\/td>\n<td width=\"615\"><b>FORMAR PARA COMPRENDER LA DISCAPACIDAD M\u00daLTIPLE\u00a0Y LA SORDOCEGUERA<\/b><\/p>\n<p>Video con el recorrido de aprendizaje de la primer cohorte de Diplomados Superiores<\/p>\n<p>Video de los temas de investigaci\u00f3n aportados. Creaci\u00f3n del reservorio acad\u00e9mico.<\/td>\n<\/tr>\n<tr>\n<td width=\"92\">20.25<\/td>\n<td width=\"615\"><strong>ENTREGA DE DIPLOMAS A LA PRIMER COHORTE DE DIPLOMADOS SUPERIORES<\/strong><\/td>\n<\/tr>\n<tr>\n<td width=\"92\">20.50 a 21:00<\/td>\n<td width=\"615\"><strong>Cierre del evento.<\/strong><\/td>\n<\/tr>\n<\/tbody>\n<\/table>\n","protected":false},"excerpt":{"rendered":"<p>20 DE SEPTIEMBRE DE 2019 JORNADA LIBRE Y GRATUITA Holmberg 2754 de 18 a 21 hs.<\/p>\n","protected":false},"author":1681,"featured_media":0,"comment_status":"open","ping_status":"open","sticky":false,"template":"","format":"standard","meta":[],"categories":[22,15,1],"tags":[],"acf":[],"_links":{"self":[{"href":"https:\/\/ispee-caba.infd.edu.ar\/sitio\/wp-json\/wp\/v2\/posts\/1134"}],"collection":[{"href":"https:\/\/ispee-caba.infd.edu.ar\/sitio\/wp-json\/wp\/v2\/posts"}],"about":[{"href":"https:\/\/ispee-caba.infd.edu.ar\/sitio\/wp-json\/wp\/v2\/types\/post"}],"author":[{"embeddable":true,"href":"https:\/\/ispee-caba.infd.edu.ar\/sitio\/wp-json\/wp\/v2\/users\/1681"}],"replies":[{"embeddable":true,"href":"https:\/\/ispee-caba.infd.edu.ar\/sitio\/wp-json\/wp\/v2\/comments?post=1134"}],"version-history":[{"count":3,"href":"https:\/\/ispee-caba.infd.edu.ar\/sitio\/wp-json\/wp\/v2\/posts\/1134\/revisions"}],"predecessor-version":[{"id":1294,"href":"https:\/\/ispee-caba.infd.edu.ar\/sitio\/wp-json\/wp\/v2\/posts\/1134\/revisions\/1294"}],"wp:attachment":[{"href":"https:\/\/ispee-caba.infd.edu.ar\/sitio\/wp-json\/wp\/v2\/media?parent=1134"}],"wp:term":[{"taxonomy":"category","embeddable":true,"href":"https:\/\/ispee-caba.infd.edu.ar\/sitio\/wp-json\/wp\/v2\/categories?post=1134"},{"taxonomy":"post_tag","embeddable":true,"href":"https:\/\/ispee-caba.infd.edu.ar\/sitio\/wp-json\/wp\/v2\/tags?post=1134"}],"curies":[{"name":"wp","href":"https:\/\/api.w.org\/{rel}","templated":true}]}}